{"id":1690,"date":"2025-11-21T11:26:58","date_gmt":"2025-11-21T14:26:58","guid":{"rendered":"https:\/\/www.turismo.fartura.sp.gov.br\/rockinfar\/?p=1690"},"modified":"2025-11-21T11:49:36","modified_gmt":"2025-11-21T14:49:36","slug":"%f0%9f%8e%a4-inscricoes-abertas-para-o-palco-cidade-do-rockinfar-2026-%f0%9f%8e%b8","status":"publish","type":"post","link":"https:\/\/www.turismo.fartura.sp.gov.br\/rockinfar\/%f0%9f%8e%a4-inscricoes-abertas-para-o-palco-cidade-do-rockinfar-2026-%f0%9f%8e%b8\/","title":{"rendered":"\ud83c\udfa4 Inscri\u00e7\u00f5es Abertas para o Palco Cidade do RockinFar 2026! \ud83c\udfb8"},"content":{"rendered":"\t\t<div data-elementor-type=\"wp-post\" data-elementor-id=\"1690\" class=\"elementor elementor-1690\" data-elementor-post-type=\"post\">\n\t\t\t\t<div class=\"elementor-element elementor-element-2fa93c7d e-flex e-con-boxed e-con e-parent\" data-id=\"2fa93c7d\" data-element_type=\"container\" data-e-type=\"container\">\n\t\t\t\t\t<div class=\"e-con-inner\">\n\t\t\t\t<div class=\"elementor-element elementor-element-4b5c0a8d elementor-widget elementor-widget-text-editor\" data-id=\"4b5c0a8d\" data-element_type=\"widget\" data-e-type=\"widget\" data-widget_type=\"text-editor.default\">\n\t\t\t\t\t\t\t\t\t\n<h2 class=\"wp-block-heading\">\u00a0<\/h2>\n\n<p class=\"wp-block-paragraph\"><strong>Aten\u00e7\u00e3o, artistas e bandas de Fartura!<\/strong>\u00a0Chegou a hora de garantir seu lugar no\u00a0<strong>Palco Cidade<\/strong>\u00a0da 8\u00aa Edi\u00e7\u00e3o do\u00a0<strong>RockinFar 2026<\/strong>! Uma excelente oportunidade para mostrar seu talento e fazer parte de um dos eventos mais aguardados da regi\u00e3o.<\/p>\n\n<p class=\"wp-block-paragraph\">A Curadoria, institu\u00edda pelo Conselho Municipal do Turismo de Fartura, j\u00e1 abriu o prazo para inscri\u00e7\u00f5es. Fique de olho nas regras e no cronograma!<\/p>\n<hr class=\"wp-block-separator has-alpha-channel-opacity\" \/>\n<h3 class=\"wp-block-heading\">\ud83d\udcc5 Cronograma e Detalhes do Evento<\/h3>\n\n<ul class=\"wp-block-list\">\n<li><strong>Edi\u00e7\u00e3o:<\/strong>\u00a0RockinFar 2026 (8\u00aa Edi\u00e7\u00e3o)<\/li>\n\n<li><strong>Datas de Show:<\/strong>\u00a009, 10 e 11 de janeiro de 2026.<\/li>\n\n<li><strong>Local:<\/strong>\u00a0Pra\u00e7a de Alimenta\u00e7\u00e3o do Festival.<\/li>\n\n<li><strong>Prazo Final para Inscri\u00e7\u00e3o:<\/strong>\u00a0<strong>30 de novembro de 2025<\/strong>.<\/li>\n\n<li><strong>An\u00fancio do Resultado:<\/strong>\u00a0A Curadoria divulgar\u00e1 o resultado at\u00e9\u00a0<strong>5 de dezembro de 2025<\/strong>.<\/li>\n<\/ul>\n\n<p class=\"wp-block-paragraph\">Os hor\u00e1rios, a distribui\u00e7\u00e3o das bandas\/artistas e o formato da apresenta\u00e7\u00e3o ser\u00e3o definidos pela Curadoria, levando em considera\u00e7\u00e3o a quantidade de bandas selecionadas.<\/p>\n<hr class=\"wp-block-separator has-alpha-channel-opacity\" \/>\n<h3 class=\"wp-block-heading\">\u2705 Requisito Essencial para Inscri\u00e7\u00e3o<\/h3>\n\n<p class=\"wp-block-paragraph\">Para concorrer a uma vaga no Palco Cidade, a banda ou artista deve ter um v\u00ednculo direto com a cidade:<\/p>\n\n<ul class=\"wp-block-list\">\n<li>Ser da cidade de\u00a0<strong>Fartura<\/strong>,\u00a0<strong>OU<\/strong><\/li>\n\n<li>Ter a\u00a0<strong>maioria (mais da metade)<\/strong>\u00a0de seus integrantes como\u00a0<strong>moradores comprovados de Fartura<\/strong>.<\/li>\n<\/ul>\n<hr class=\"wp-block-separator has-alpha-channel-opacity\" \/>\n<h3 class=\"wp-block-heading\">\ud83d\udcdd Disposi\u00e7\u00f5es Finais e Inscri\u00e7\u00f5es<\/h3>\n\n<p class=\"wp-block-paragraph\">A Curadoria do RockinFar 2026, institu\u00edda pelo Conselho Municipal do Turismo de Fartura, \u00e9 soberana em sua decis\u00e3o final e n\u00e3o cabe recurso.<\/p>\n\n<p class=\"wp-block-paragraph\">Garanta que seu material seja enviado dentro do prazo e com todos os requisitos atendidos!<\/p>\n\n<p class=\"wp-block-paragraph\"><strong>\ud83d\udd17 Link para Inscri\u00e7\u00f5es:<\/strong>\u00a0<strong><a href=\"https:\/\/bit.ly\/palco_cidade\" target=\"_blank\" rel=\"noreferrer noopener\">https:\/\/bit.ly\/palco_cidade<\/a><\/strong><\/p>\n\n<p class=\"wp-block-paragraph\">Aproveite essa chance de brilhar no RockinFar! \ud83e\udd18<\/p>\n\t\t\t\t\t\t\t\t<\/div>\n\t\t\t\t\t<\/div>\n\t\t\t\t<\/div>\n\t\t\t\t<\/div>\n\t\t","protected":false},"excerpt":{"rendered":"<p>\u00a0 Aten\u00e7\u00e3o, artistas e bandas de Fartura!\u00a0Chegou a hora de garantir seu<a class=\"blog-post-excerpt-more\" href=\"https:\/\/www.turismo.fartura.sp.gov.br\/rockinfar\/%f0%9f%8e%a4-inscricoes-abertas-para-o-palco-cidade-do-rockinfar-2026-%f0%9f%8e%b8\/\" rel=\"bookmark\"><i class=\"fa fa-angle-double-right\"><\/i><\/a><\/p>\n","protected":false},"author":1,"featured_media":0,"comment_status":"closed","ping_status":"closed","sticky":false,"template":"","format":"standard","meta":{"footnotes":""},"categories":[37],"tags":[],"class_list":["post-1690","post","type-post","status-publish","format-standard","hentry","category-noticias"],"_links":{"self":[{"href":"https:\/\/www.turismo.fartura.sp.gov.br\/rockinfar\/wp-json\/wp\/v2\/posts\/1690","targetHints":{"allow":["GET"]}}],"collection":[{"href":"https:\/\/www.turismo.fartura.sp.gov.br\/rockinfar\/wp-json\/wp\/v2\/posts"}],"about":[{"href":"https:\/\/www.turismo.fartura.sp.gov.br\/rockinfar\/wp-json\/wp\/v2\/types\/post"}],"author":[{"embeddable":true,"href":"https:\/\/www.turismo.fartura.sp.gov.br\/rockinfar\/wp-json\/wp\/v2\/users\/1"}],"replies":[{"embeddable":true,"href":"https:\/\/www.turismo.fartura.sp.gov.br\/rockinfar\/wp-json\/wp\/v2\/comments?post=1690"}],"version-history":[{"count":7,"href":"https:\/\/www.turismo.fartura.sp.gov.br\/rockinfar\/wp-json\/wp\/v2\/posts\/1690\/revisions"}],"predecessor-version":[{"id":1698,"href":"https:\/\/www.turismo.fartura.sp.gov.br\/rockinfar\/wp-json\/wp\/v2\/posts\/1690\/revisions\/1698"}],"wp:attachment":[{"href":"https:\/\/www.turismo.fartura.sp.gov.br\/rockinfar\/wp-json\/wp\/v2\/media?parent=1690"}],"wp:term":[{"taxonomy":"category","embeddable":true,"href":"https:\/\/www.turismo.fartura.sp.gov.br\/rockinfar\/wp-json\/wp\/v2\/categories?post=1690"},{"taxonomy":"post_tag","embeddable":true,"href":"https:\/\/www.turismo.fartura.sp.gov.br\/rockinfar\/wp-json\/wp\/v2\/tags?post=1690"}],"curies":[{"name":"wp","href":"https:\/\/api.w.org\/{rel}","templated":true}]}}