{"id":1626,"date":"2025-11-10T10:27:23","date_gmt":"2025-11-10T13:27:23","guid":{"rendered":"https:\/\/www.turismo.fartura.sp.gov.br\/rockinfar\/?p=1626"},"modified":"2025-11-13T11:23:21","modified_gmt":"2025-11-13T14:23:21","slug":"leso-e-bene-dita-vencem-o-rockinfar-esquenta","status":"publish","type":"post","link":"https:\/\/www.turismo.fartura.sp.gov.br\/rockinfar\/leso-e-bene-dita-vencem-o-rockinfar-esquenta\/","title":{"rendered":"Leso e Bene Dita Vencem o RockinFar Esquenta"},"content":{"rendered":"\t\t<div data-elementor-type=\"wp-post\" data-elementor-id=\"1626\" class=\"elementor elementor-1626\" data-elementor-post-type=\"post\">\n\t\t\t\t<div class=\"elementor-element elementor-element-504f68f6 e-flex e-con-boxed e-con e-parent\" data-id=\"504f68f6\" data-element_type=\"container\" data-e-type=\"container\">\n\t\t\t\t\t<div class=\"e-con-inner\">\n\t\t\t\t<div class=\"elementor-element elementor-element-517434cc elementor-widget elementor-widget-text-editor\" data-id=\"517434cc\" data-element_type=\"widget\" data-e-type=\"widget\" data-widget_type=\"text-editor.default\">\n\t\t\t\t\t\t\t\t\t\n<p class=\"wp-block-paragraph\">O suspense terminou e as duas bandas que v\u00e3o agitar o <strong>Palco \u00c1gua<\/strong> do <strong>RockinFar 2026<\/strong> foram escolhidas! Em um final de semana eletrizante, nos dias <strong>7 e 8 de novembro<\/strong>, o <strong>RockinFar Esquenta<\/strong> cumpriu seu papel de aquecer os motores e revelar novos talentos do rock autoral, com o p\u00fablico exercendo seu poder de voto em peso.<\/p>\n\n\n\n<p class=\"wp-block-paragraph\">A disputa foi acirrada entre as seis bandas finalistas \u2013 <strong>\u00c9clair, Madness Soul, Hereges, Torpes, Bene Dita<\/strong> e <strong>Leso<\/strong> \u2013 mas a prefer\u00eancia popular falou mais alto, culminando em um impressionante total de <strong>2.545 votos<\/strong> registrados.<\/p>\n\n\n\n<h3 class=\"wp-block-heading\">Leso Leva o T\u00edtulo com Vantagem Expressiva<\/h3>\n\n\n\n<p class=\"wp-block-paragraph\">A grande vencedora da noite foi a <strong>Banda Leso<\/strong>, que conquistou a primeira coloca\u00e7\u00e3o com a marca de <strong>721 votos<\/strong>. O grupo demonstrou ter uma base de f\u00e3s engajada e uma proposta musical que ressoou fortemente com o p\u00fablico do festival, garantindo a posi\u00e7\u00e3o de destaque.<\/p>\n\n\n\n<p class=\"wp-block-paragraph\">Em um honroso segundo lugar, a <strong>Banda Bene Dita<\/strong> tamb\u00e9m assegurou sua vaga no line-up oficial do RockinFar 2026, somando <strong>597 votos<\/strong>. As duas bandas agora celebram a oportunidade de ouro de subir ao <strong>Palco \u00c1gua<\/strong> no dia <strong>10 de janeiro, s\u00e1bado<\/strong>, para mostrar seu trabalho autoral no maior palco do festival.<\/p>\n\n\n\n<blockquote class=\"wp-block-quote is-layout-flow wp-block-quote-is-layout-flow\">\n<p class=\"wp-block-paragraph\">\ud83c\udfa4 <strong>O Palco \u00c1gua:<\/strong> Tradicionalmente conhecido por ser um espa\u00e7o de lan\u00e7amento e consagra\u00e7\u00e3o de novos nomes do rock, o Palco \u00c1gua do RockinFar oferece uma visibilidade \u00edmpar no cen\u00e1rio musical. A apresenta\u00e7\u00e3o das bandas Leso e Bene Dita neste espa\u00e7o ser\u00e1, sem d\u00favida, um marco em suas carreiras.<\/p>\n<\/blockquote>\n\n\n\n<h3 class=\"wp-block-heading\">O Fortalecimento do Rock Autoral<\/h3>\n\n\n\n<p class=\"wp-block-paragraph\">O sucesso e a mobiliza\u00e7\u00e3o do RockinFar Esquenta refor\u00e7am a vitalidade e a import\u00e2ncia do rock autoral brasileiro. A grande quantidade de votos mostra que o p\u00fablico est\u00e1 sedento por novas sonoridades e apoia ativamente as bandas independentes.<\/p>\n\n\n\n<p class=\"wp-block-paragraph\">&#8220;Ver mais de 2.500 votos sendo computados para escolher as vencedoras \u00e9 a prova de que o rock est\u00e1 mais vivo do que nunca em nossa regi\u00e3o. Parabenizamos todas as bandas que participaram \u2013 \u00c9clair, Madness Soul, Hereges, Torpes, Bene Dita e Leso \u2013 por elevarem o n\u00edvel da disputa e entregarem performances memor\u00e1veis&#8221;, declarou a organiza\u00e7\u00e3o do festival.<\/p>\n\n\n\n<p class=\"wp-block-paragraph\">Com a vota\u00e7\u00e3o popular encerrada, a expectativa agora se volta para a edi\u00e7\u00e3o de 2026 do RockinFar. F\u00e3s do g\u00eanero podem esperar por uma programa\u00e7\u00e3o robusta, contando com as novas promessas <strong>Leso<\/strong> e <strong>Bene Dita<\/strong> prontas para deixar sua marca.<\/p>\n\n\n\n<p class=\"wp-block-paragraph\">O RockinFar 2026 promete ser um evento imperd\u00edvel, unindo a for\u00e7a do rock nacional com a energia contagiante das bandas rec\u00e9m-selecionadas.<\/p>\n\t\t\t\t\t\t\t\t<\/div>\n\t\t\t\t\t<\/div>\n\t\t\t\t<\/div>\n\t\t\t\t<\/div>\n\t\t","protected":false},"excerpt":{"rendered":"<p>O suspense terminou e as duas bandas que v\u00e3o agitar o Palco<a class=\"blog-post-excerpt-more\" href=\"https:\/\/www.turismo.fartura.sp.gov.br\/rockinfar\/leso-e-bene-dita-vencem-o-rockinfar-esquenta\/\" rel=\"bookmark\"><i class=\"fa fa-angle-double-right\"><\/i><\/a><\/p>\n","protected":false},"author":1,"featured_media":912,"comment_status":"closed","ping_status":"open","sticky":false,"template":"","format":"standard","meta":{"footnotes":""},"categories":[37],"tags":[],"class_list":["post-1626","post","type-post","status-publish","format-standard","has-post-thumbnail","hentry","category-noticias"],"_links":{"self":[{"href":"https:\/\/www.turismo.fartura.sp.gov.br\/rockinfar\/wp-json\/wp\/v2\/posts\/1626","targetHints":{"allow":["GET"]}}],"collection":[{"href":"https:\/\/www.turismo.fartura.sp.gov.br\/rockinfar\/wp-json\/wp\/v2\/posts"}],"about":[{"href":"https:\/\/www.turismo.fartura.sp.gov.br\/rockinfar\/wp-json\/wp\/v2\/types\/post"}],"author":[{"embeddable":true,"href":"https:\/\/www.turismo.fartura.sp.gov.br\/rockinfar\/wp-json\/wp\/v2\/users\/1"}],"replies":[{"embeddable":true,"href":"https:\/\/www.turismo.fartura.sp.gov.br\/rockinfar\/wp-json\/wp\/v2\/comments?post=1626"}],"version-history":[{"count":4,"href":"https:\/\/www.turismo.fartura.sp.gov.br\/rockinfar\/wp-json\/wp\/v2\/posts\/1626\/revisions"}],"predecessor-version":[{"id":1641,"href":"https:\/\/www.turismo.fartura.sp.gov.br\/rockinfar\/wp-json\/wp\/v2\/posts\/1626\/revisions\/1641"}],"wp:attachment":[{"href":"https:\/\/www.turismo.fartura.sp.gov.br\/rockinfar\/wp-json\/wp\/v2\/media?parent=1626"}],"wp:term":[{"taxonomy":"category","embeddable":true,"href":"https:\/\/www.turismo.fartura.sp.gov.br\/rockinfar\/wp-json\/wp\/v2\/categories?post=1626"},{"taxonomy":"post_tag","embeddable":true,"href":"https:\/\/www.turismo.fartura.sp.gov.br\/rockinfar\/wp-json\/wp\/v2\/tags?post=1626"}],"curies":[{"name":"wp","href":"https:\/\/api.w.org\/{rel}","templated":true}]}}