{"id":1580,"date":"2025-11-13T08:55:21","date_gmt":"2025-11-13T11:55:21","guid":{"rendered":"https:\/\/www.turismo.fartura.sp.gov.br\/rockinfar\/?p=1580"},"modified":"2025-11-13T11:22:22","modified_gmt":"2025-11-13T14:22:22","slug":"rockinfar-2026-divulga-line-up-da-8a-edicao","status":"publish","type":"post","link":"https:\/\/www.turismo.fartura.sp.gov.br\/rockinfar\/rockinfar-2026-divulga-line-up-da-8a-edicao\/","title":{"rendered":"RockinFar 2026 divulga Line-Up da 8\u00aa Edi\u00e7\u00e3o!"},"content":{"rendered":"\t\t<div data-elementor-type=\"wp-post\" data-elementor-id=\"1580\" class=\"elementor elementor-1580\" data-elementor-post-type=\"post\">\n\t\t\t\t<div class=\"elementor-element elementor-element-282b4510 e-flex e-con-boxed e-con e-parent\" data-id=\"282b4510\" data-element_type=\"container\" data-e-type=\"container\">\n\t\t\t\t\t<div class=\"e-con-inner\">\n\t\t\t\t<div class=\"elementor-element elementor-element-1d5ad5a6 elementor-widget elementor-widget-text-editor\" data-id=\"1d5ad5a6\" data-element_type=\"widget\" data-e-type=\"widget\" data-widget_type=\"text-editor.default\">\n\t\t\t\t\t\t\t\t\t\n<p class=\"wp-block-paragraph\">A curadoria do RockinFar 2026 \u2013 8\u00aa Edi\u00e7\u00e3o acaba de cravar os nomes que ir\u00e3o agitar Fartura, a P\u00e9rola do Angradoce, nos dias 9, 10 e 11 de janeiro. Ap\u00f3s uma rigorosa sele\u00e7\u00e3o de 25 bandas inscritas de todo o Brasil, os curadores Maestro M\u00e1rcio e Paulo Mengele definiram as atra\u00e7\u00f5es principais.<br>\ud83c\udfb8 Bandas Selecionadas e Vencedoras<br>A sele\u00e7\u00e3o deste ano foi desafiadora, resultando em oito bandas escolhidas pela curadoria e duas vencedoras da seletiva pr\u00e9via:<\/p>\n\n\n\n<ul class=\"wp-block-list\">\n<li>Bandas Selecionadas (Curadoria): Rock 014, Marvin Tit\u00e3s Tributo, \u00c1cido Pl\u00e1stico, S\u00e1ba Caipira, Hellway Patrol, Jupta, Primeira Dose e Muthed.<\/li>\n\n\n\n<li>Vencedoras do RockinFar Esquenta 2025: Benedita e Leso.<\/li>\n<\/ul>\n\n\n\n<p class=\"wp-block-paragraph\">\ud83d\udcc5 Programa\u00e7\u00e3o Oficial por Palco<\/p>\n\n\n\n<p class=\"wp-block-paragraph\">O RockinFar 2026 ter\u00e1 tr\u00eas dias de muita m\u00fasica com grandes nomes.<br>\u200bNa sexta-feira, dia 9, o Palco Natureza a partir das 19:30h. receber\u00e1 os shows de Rock 014, Marvin Tit\u00e3s Tributo e o headliner Maneva, prometendo abrir o festival com a for\u00e7a do reggae.<br><br>\u200bO s\u00e1bado, dia 10, ser\u00e1 o dia mais extenso, com o Palco \u00c1gua, a partir das 15h, recebendo uma maratona de bandas: \u00c1cido Pl\u00e1stico, S\u00e1ba Caipira, Hellway Patrol, Jupta, Benedita e Leso, culminando com o show do headliner Tihuana.<br><br>\u200bPara fechar o evento no domingo, dia 11, a partir das 14:30h. o Palco P\u00f4r do Sol ter\u00e1 as apresenta\u00e7\u00f5es de Primeira Dose e Muthed, antes da grande atra\u00e7\u00e3o da noite, o headliner Nenhum de N\u00f3s.<\/p>\n\n\n\n<p class=\"wp-block-paragraph\">\ud83e\udd73 Estrutura do Festival<br>O RockinFar \u00e9 um evento com entrada gratuita e focado em oferecer divers\u00e3o e seguran\u00e7a para toda a fam\u00edlia.<br>A estrutura conta com:<\/p>\n\n\n\n<ul class=\"wp-block-list\">\n<li>Entrada Gr\u00e1tis para todos os dias.<\/li>\n\n\n\n<li>Gastronomia Diversificada:<\/li>\n\n\n\n<li>Pra\u00e7a de alimenta\u00e7\u00e3o coberta.<\/li>\n\n\n\n<li>Food Trucks e Comidas T\u00edpicas regionais.<\/li>\n\n\n\n<li>Bebidas: Festival de Cervejas e Chopps Artesanais.<\/li>\n\n\n\n<li>\u00c1rea de Lazer e Seguran\u00e7a:<\/li>\n\n\n\n<li>\u00c1rea Kids Gr\u00e1tis.<\/li>\n\n\n\n<li>Seguran\u00e7a refor\u00e7ada.<\/li>\n<\/ul>\n\n\n\n<p class=\"wp-block-paragraph\">Prepare-se para curtir e descobrir novos sons neste grande evento que \u00e9 para a fam\u00edlia.<br>Venha se divertir em Fartura, a P\u00e9rola do Angradoce!<\/p>\n\t\t\t\t\t\t\t\t<\/div>\n\t\t\t\t\t<\/div>\n\t\t\t\t<\/div>\n\t\t\t\t<\/div>\n\t\t","protected":false},"excerpt":{"rendered":"<p>A curadoria do RockinFar 2026 \u2013 8\u00aa Edi\u00e7\u00e3o acaba de cravar os<a class=\"blog-post-excerpt-more\" href=\"https:\/\/www.turismo.fartura.sp.gov.br\/rockinfar\/rockinfar-2026-divulga-line-up-da-8a-edicao\/\" rel=\"bookmark\"><i class=\"fa fa-angle-double-right\"><\/i><\/a><\/p>\n","protected":false},"author":1,"featured_media":0,"comment_status":"closed","ping_status":"open","sticky":false,"template":"","format":"standard","meta":{"footnotes":""},"categories":[37],"tags":[],"class_list":["post-1580","post","type-post","status-publish","format-standard","hentry","category-noticias"],"_links":{"self":[{"href":"https:\/\/www.turismo.fartura.sp.gov.br\/rockinfar\/wp-json\/wp\/v2\/posts\/1580","targetHints":{"allow":["GET"]}}],"collection":[{"href":"https:\/\/www.turismo.fartura.sp.gov.br\/rockinfar\/wp-json\/wp\/v2\/posts"}],"about":[{"href":"https:\/\/www.turismo.fartura.sp.gov.br\/rockinfar\/wp-json\/wp\/v2\/types\/post"}],"author":[{"embeddable":true,"href":"https:\/\/www.turismo.fartura.sp.gov.br\/rockinfar\/wp-json\/wp\/v2\/users\/1"}],"replies":[{"embeddable":true,"href":"https:\/\/www.turismo.fartura.sp.gov.br\/rockinfar\/wp-json\/wp\/v2\/comments?post=1580"}],"version-history":[{"count":4,"href":"https:\/\/www.turismo.fartura.sp.gov.br\/rockinfar\/wp-json\/wp\/v2\/posts\/1580\/revisions"}],"predecessor-version":[{"id":1638,"href":"https:\/\/www.turismo.fartura.sp.gov.br\/rockinfar\/wp-json\/wp\/v2\/posts\/1580\/revisions\/1638"}],"wp:attachment":[{"href":"https:\/\/www.turismo.fartura.sp.gov.br\/rockinfar\/wp-json\/wp\/v2\/media?parent=1580"}],"wp:term":[{"taxonomy":"category","embeddable":true,"href":"https:\/\/www.turismo.fartura.sp.gov.br\/rockinfar\/wp-json\/wp\/v2\/categories?post=1580"},{"taxonomy":"post_tag","embeddable":true,"href":"https:\/\/www.turismo.fartura.sp.gov.br\/rockinfar\/wp-json\/wp\/v2\/tags?post=1580"}],"curies":[{"name":"wp","href":"https:\/\/api.w.org\/{rel}","templated":true}]}}