{"id":1407,"date":"2025-11-09T18:36:05","date_gmt":"2025-11-09T21:36:05","guid":{"rendered":"https:\/\/www.turismo.fartura.sp.gov.br\/rockinfar\/?p=1407"},"modified":"2025-11-13T11:24:31","modified_gmt":"2025-11-13T14:24:31","slug":"nenhum-de-nos-no-palco-por-do-sol","status":"publish","type":"post","link":"https:\/\/www.turismo.fartura.sp.gov.br\/rockinfar\/nenhum-de-nos-no-palco-por-do-sol\/","title":{"rendered":"Nenhum de N\u00f3s no Palco Por do Sol"},"content":{"rendered":"\t\t<div data-elementor-type=\"wp-post\" data-elementor-id=\"1407\" class=\"elementor elementor-1407\" data-elementor-post-type=\"post\">\n\t\t\t\t<div class=\"elementor-element elementor-element-5b129f9a e-flex e-con-boxed e-con e-parent\" data-id=\"5b129f9a\" data-element_type=\"container\" data-e-type=\"container\">\n\t\t\t\t\t<div class=\"e-con-inner\">\n\t\t\t\t<div class=\"elementor-element elementor-element-385100a6 elementor-widget elementor-widget-text-editor\" data-id=\"385100a6\" data-element_type=\"widget\" data-e-type=\"widget\" data-widget_type=\"text-editor.default\">\n\t\t\t\t\t\t\t\t\t\n<p class=\"wp-block-paragraph\">A oitava edi\u00e7\u00e3o do <strong>RockinFar<\/strong> j\u00e1 est\u00e1 desenhando um <em>lineup<\/em> de respeito, e a organiza\u00e7\u00e3o acaba de soltar o nome que vai incendiar o \u00faltimo dia do festival: a lend\u00e1ria banda ga\u00facha <strong>Nenhum de N\u00f3s<\/strong>!<\/p>\n\n\n\n<p class=\"wp-block-paragraph\">Prepare-se para o <em>grand finale<\/em>! O <strong>Nenhum de N\u00f3s<\/strong> sobe ao ic\u00f4nico <strong>Palco Por do Sol<\/strong> no <strong>domingo, 11 de janeiro de 2026<\/strong>. Este palco, que j\u00e1 virou sin\u00f4nimo de <strong>rever\u00eancia<\/strong> ao Rock Nacional \u2013 recebendo monstros sagrados como o <strong>Bar\u00e3o Vermelho<\/strong> em edi\u00e7\u00f5es anteriores \u2013 tem a miss\u00e3o de encerrar o festival com a emo\u00e7\u00e3o \u00e0 flor da pele. Mantendo a tradi\u00e7\u00e3o que a gente ama, o terceiro e \u00faltimo dia do RockinFar ser\u00e1 encerrado com esse showz\u00e3o, que tem hora marcada para bater o ponto \u00e0s <strong>18h<\/strong>, naquela vibe nost\u00e1lgica e poderosa que s\u00f3 o festival entrega.<\/p>\n\n\n\n<p class=\"wp-block-paragraph\">Com mais de tr\u00eas d\u00e9cadas de estrada, Thedy Corr\u00eaa (vocal) e companhia trazem na bagagem um arsenal de <em>hits<\/em> que s\u00e3o a trilha sonora da vida de muita gente. Queremos ver todo mundo cantando junto, a plenos pulm\u00f5es, <em>hinos<\/em> como <em>&#8220;Camila, Camila&#8221;<\/em>, a po\u00e9tica <em>&#8220;Sobre o Tempo&#8221;<\/em> e a imortal <em>&#8220;Astronauta de M\u00e1rmore&#8221;<\/em>! Vai ser um momento hist\u00f3rico para guardar na mem\u00f3ria, debaixo daquele p\u00f4r do sol \u00e9pico de Fartura.<\/p>\n\n\n\n<p class=\"wp-block-paragraph\">A <strong>oitava edi\u00e7\u00e3o<\/strong> do festival rola, como sempre, no querido <strong>Recinto de Exposi\u00e7\u00f5es Luis Garbelotto, em Fartura<\/strong>. E aqui vai o recado mais importante para a sua carteira e para a sua alma: o RockinFar mant\u00e9m a filosofia de democratizar o rock \u2013 a <strong>entrada \u00e9 totalmente GRATUITA<\/strong>! Isso mesmo, zero real para curtir um festival de respeito. Marca na agenda, chama a galera e se prepara para o maior <em>rol\u00ea<\/em> de rock de janeiro de 2026!<\/p>\n\t\t\t\t\t\t\t\t<\/div>\n\t\t\t\t\t<\/div>\n\t\t\t\t<\/div>\n\t\t\t\t<\/div>\n\t\t","protected":false},"excerpt":{"rendered":"<p>A oitava edi\u00e7\u00e3o do RockinFar j\u00e1 est\u00e1 desenhando um lineup de respeito,<a class=\"blog-post-excerpt-more\" href=\"https:\/\/www.turismo.fartura.sp.gov.br\/rockinfar\/nenhum-de-nos-no-palco-por-do-sol\/\" rel=\"bookmark\"><i class=\"fa fa-angle-double-right\"><\/i><\/a><\/p>\n","protected":false},"author":1,"featured_media":1408,"comment_status":"closed","ping_status":"open","sticky":false,"template":"","format":"standard","meta":{"footnotes":""},"categories":[37],"tags":[],"class_list":["post-1407","post","type-post","status-publish","format-standard","has-post-thumbnail","hentry","category-noticias"],"_links":{"self":[{"href":"https:\/\/www.turismo.fartura.sp.gov.br\/rockinfar\/wp-json\/wp\/v2\/posts\/1407","targetHints":{"allow":["GET"]}}],"collection":[{"href":"https:\/\/www.turismo.fartura.sp.gov.br\/rockinfar\/wp-json\/wp\/v2\/posts"}],"about":[{"href":"https:\/\/www.turismo.fartura.sp.gov.br\/rockinfar\/wp-json\/wp\/v2\/types\/post"}],"author":[{"embeddable":true,"href":"https:\/\/www.turismo.fartura.sp.gov.br\/rockinfar\/wp-json\/wp\/v2\/users\/1"}],"replies":[{"embeddable":true,"href":"https:\/\/www.turismo.fartura.sp.gov.br\/rockinfar\/wp-json\/wp\/v2\/comments?post=1407"}],"version-history":[{"count":4,"href":"https:\/\/www.turismo.fartura.sp.gov.br\/rockinfar\/wp-json\/wp\/v2\/posts\/1407\/revisions"}],"predecessor-version":[{"id":1644,"href":"https:\/\/www.turismo.fartura.sp.gov.br\/rockinfar\/wp-json\/wp\/v2\/posts\/1407\/revisions\/1644"}],"wp:featuredmedia":[{"embeddable":true,"href":"https:\/\/www.turismo.fartura.sp.gov.br\/rockinfar\/wp-json\/wp\/v2\/media\/1408"}],"wp:attachment":[{"href":"https:\/\/www.turismo.fartura.sp.gov.br\/rockinfar\/wp-json\/wp\/v2\/media?parent=1407"}],"wp:term":[{"taxonomy":"category","embeddable":true,"href":"https:\/\/www.turismo.fartura.sp.gov.br\/rockinfar\/wp-json\/wp\/v2\/categories?post=1407"},{"taxonomy":"post_tag","embeddable":true,"href":"https:\/\/www.turismo.fartura.sp.gov.br\/rockinfar\/wp-json\/wp\/v2\/tags?post=1407"}],"curies":[{"name":"wp","href":"https:\/\/api.w.org\/{rel}","templated":true}]}}