{"id":1404,"date":"2025-11-09T18:24:47","date_gmt":"2025-11-09T21:24:47","guid":{"rendered":"https:\/\/www.turismo.fartura.sp.gov.br\/rockinfar\/?p=1404"},"modified":"2025-11-13T11:28:47","modified_gmt":"2025-11-13T14:28:47","slug":"tihuana-traz-a-turne-25-anos-de-ilegal-ao-palco-agua-do-rockinfar","status":"publish","type":"post","link":"https:\/\/www.turismo.fartura.sp.gov.br\/rockinfar\/tihuana-traz-a-turne-25-anos-de-ilegal-ao-palco-agua-do-rockinfar\/","title":{"rendered":"Tihuana traz a turne 25 anos de &#8216;Ilegal&#8217; ao Palco \u00c1gua do RockinFar"},"content":{"rendered":"\t\t<div data-elementor-type=\"wp-post\" data-elementor-id=\"1404\" class=\"elementor elementor-1404\" data-elementor-post-type=\"post\">\n\t\t\t\t<div class=\"elementor-element elementor-element-5b727834 e-flex e-con-boxed e-con e-parent\" data-id=\"5b727834\" data-element_type=\"container\" data-e-type=\"container\">\n\t\t\t\t\t<div class=\"e-con-inner\">\n\t\t\t\t<div class=\"elementor-element elementor-element-3acf7bee elementor-widget elementor-widget-text-editor\" data-id=\"3acf7bee\" data-element_type=\"widget\" data-e-type=\"widget\" data-widget_type=\"text-editor.default\">\n\t\t\t\t\t\t\t\t\t\n<p class=\"wp-block-paragraph\">O <strong>RockinFar 2026<\/strong> est\u00e1 montando um <em>line-up<\/em> que vai fazer hist\u00f3ria! A organiza\u00e7\u00e3o do festival confirma: a banda <strong>Tihuana<\/strong> \u00e9 a mais nova atra\u00e7\u00e3o do <strong>s\u00e1bado, dia 10 de janeiro de 2026<\/strong>, no <strong>Palco \u00c1gua<\/strong>, dentro do Recinto de Exposi\u00e7\u00f5es Lu\u00eds Garbelotto, em Fartura!<\/p>\n\n\n\n<p class=\"wp-block-paragraph\">Essa \u00e9 a chance de dizer <strong>&#8220;Eu Vi Gnomos&#8221;<\/strong> (e o Tihuana!) em mais uma edi\u00e7\u00e3o hist\u00f3rica. A banda traz a aguardada <strong>Turn\u00ea de 25 Anos do disco &#8220;Ilegal&#8221;<\/strong> \u2013 o \u00e1lbum que mudou o rock nacional no in\u00edcio dos anos 2000 \u2013 para a 8\u00aa edi\u00e7\u00e3o do evento, que, para a alegria geral, mant\u00e9m a tradi\u00e7\u00e3o de ter <strong>entrada gratuita<\/strong>!<\/p>\n\n\n\n<h4 class=\"wp-block-heading\">\ud83d\udca5 Vou Me Entregar A Essa Festa!<\/h4>\n\n\n\n<p class=\"wp-block-paragraph\">Se liga na miss\u00e3o: A banda Tihuana vai celebrar no RockinFar o legado do \u00e1lbum <em>Ilegal<\/em>, com a energia dos <strong>grandes sucessos<\/strong> que marcaram toda a carreira do grupo!<\/p>\n\n\n\n<p class=\"wp-block-paragraph\">A regra \u00e9 clara: Voc\u00ea vai ter que <strong>&#8220;Pular&#8217;!&#8221;<\/strong> com os cl\u00e1ssicos, que a energia ser\u00e1 insana, e se for para ficar parado, a banda vai te perguntar: <strong>&#8220;Por Que Ser\u00e1?&#8221;<\/strong>. \u00c9 um <em>setlist<\/em> completo, vibrante, que mistura o rock com a atitude latina do grupo, garantindo que ningu\u00e9m vai embora sem gritar.<\/p>\n\n\n\n<h4 class=\"wp-block-heading\">\ud83d\udccd RockinFar 2026: A Festa In\u00e9dita e Gratuita<\/h4>\n\n\n\n<p class=\"wp-block-paragraph\">Confirmando-se como um dos grandes festivais acess\u00edveis do pa\u00eds, o RockinFar segue com a <strong>entrada totalmente gratuita<\/strong> para a sua oitava edi\u00e7\u00e3o. O Palco \u00c1gua, no Recinto de Exposi\u00e7\u00f5es Lu\u00eds Garbelotto, ser\u00e1 o ponto de encontro de uma multid\u00e3o que vir\u00e1 curtir o rock nacional de primeira linha no dia 10 de janeiro de 2026.<\/p>\n\n\n\n<p class=\"wp-block-paragraph\">Fique ligado nas redes sociais e no site do RockinFar, porque as pr\u00f3ximas confirma\u00e7\u00f5es do <em>line-up<\/em> vir\u00e3o <strong>&#8220;Um Dia de Cada Vez&#8221;<\/strong> e voc\u00ea n\u00e3o pode perder!<\/p>\n\t\t\t\t\t\t\t\t<\/div>\n\t\t\t\t\t<\/div>\n\t\t\t\t<\/div>\n\t\t\t\t<\/div>\n\t\t","protected":false},"excerpt":{"rendered":"<p>O RockinFar 2026 est\u00e1 montando um line-up que vai fazer hist\u00f3ria! A<a class=\"blog-post-excerpt-more\" href=\"https:\/\/www.turismo.fartura.sp.gov.br\/rockinfar\/tihuana-traz-a-turne-25-anos-de-ilegal-ao-palco-agua-do-rockinfar\/\" rel=\"bookmark\"><i class=\"fa fa-angle-double-right\"><\/i><\/a><\/p>\n","protected":false},"author":1,"featured_media":1405,"comment_status":"closed","ping_status":"open","sticky":false,"template":"","format":"standard","meta":{"footnotes":""},"categories":[37],"tags":[],"class_list":["post-1404","post","type-post","status-publish","format-standard","has-post-thumbnail","hentry","category-noticias"],"_links":{"self":[{"href":"https:\/\/www.turismo.fartura.sp.gov.br\/rockinfar\/wp-json\/wp\/v2\/posts\/1404","targetHints":{"allow":["GET"]}}],"collection":[{"href":"https:\/\/www.turismo.fartura.sp.gov.br\/rockinfar\/wp-json\/wp\/v2\/posts"}],"about":[{"href":"https:\/\/www.turismo.fartura.sp.gov.br\/rockinfar\/wp-json\/wp\/v2\/types\/post"}],"author":[{"embeddable":true,"href":"https:\/\/www.turismo.fartura.sp.gov.br\/rockinfar\/wp-json\/wp\/v2\/users\/1"}],"replies":[{"embeddable":true,"href":"https:\/\/www.turismo.fartura.sp.gov.br\/rockinfar\/wp-json\/wp\/v2\/comments?post=1404"}],"version-history":[{"count":4,"href":"https:\/\/www.turismo.fartura.sp.gov.br\/rockinfar\/wp-json\/wp\/v2\/posts\/1404\/revisions"}],"predecessor-version":[{"id":1647,"href":"https:\/\/www.turismo.fartura.sp.gov.br\/rockinfar\/wp-json\/wp\/v2\/posts\/1404\/revisions\/1647"}],"wp:featuredmedia":[{"embeddable":true,"href":"https:\/\/www.turismo.fartura.sp.gov.br\/rockinfar\/wp-json\/wp\/v2\/media\/1405"}],"wp:attachment":[{"href":"https:\/\/www.turismo.fartura.sp.gov.br\/rockinfar\/wp-json\/wp\/v2\/media?parent=1404"}],"wp:term":[{"taxonomy":"category","embeddable":true,"href":"https:\/\/www.turismo.fartura.sp.gov.br\/rockinfar\/wp-json\/wp\/v2\/categories?post=1404"},{"taxonomy":"post_tag","embeddable":true,"href":"https:\/\/www.turismo.fartura.sp.gov.br\/rockinfar\/wp-json\/wp\/v2\/tags?post=1404"}],"curies":[{"name":"wp","href":"https:\/\/api.w.org\/{rel}","templated":true}]}}