{"id":1342,"date":"2025-10-15T18:13:58","date_gmt":"2025-10-15T21:13:58","guid":{"rendered":"https:\/\/www.turismo.fartura.sp.gov.br\/rockinfar\/?p=1342"},"modified":"2025-11-13T08:56:51","modified_gmt":"2025-11-13T11:56:51","slug":"plebe-rude-e-a-nova-atracao-confirmada-no-rockinfar-esquenta","status":"publish","type":"post","link":"https:\/\/www.turismo.fartura.sp.gov.br\/rockinfar\/plebe-rude-e-a-nova-atracao-confirmada-no-rockinfar-esquenta\/","title":{"rendered":"Plebe Rude \u00e9 a Nova Atra\u00e7\u00e3o Confirmada no RockinFar Esquenta"},"content":{"rendered":"\n<p class=\"wp-block-paragraph\"><strong>Segura essa, galera!<\/strong> O RockinFar Esquenta acaba de soltar uma bomba que vai fazer a Cidade do Rock tremer! A lend\u00e1ria banda brasiliense <strong>Plebe Rude<\/strong> est\u00e1 confirmad\u00edssima para incendiar o nosso festival no dia <strong>08 de Novembro!<\/strong><\/p>\n\n\n\n<p class=\"wp-block-paragraph\">Se liga na <em>vibe<\/em>: os caras s\u00e3o a hist\u00f3ria viva do punk rock e p\u00f3s-punk nacional, donos de hinos atemporais que gritam a voz da nossa gera\u00e7\u00e3o (e das anteriores!). Quem nunca berrou junto &#8220;At\u00e9 Quando Esperar&#8221; ou se indignou com a acidez de &#8220;Prote\u00e7\u00e3o&#8221;? A Plebe Rude, com a forma\u00e7\u00e3o atual liderada por Philippe Seabra, garante aquele show visceral, cheio de energia e com letras que continuam mais atuais do que nunca. \u00c9 a chance de ver de perto a atitude e a rebeldia que moldaram o rock brasileiro!<\/p>\n\n\n\n<p class=\"wp-block-paragraph\"><strong>Anote na agenda e prepare o f\u00f4lego:<\/strong> dia 08\/11, o palco do RockinFar Esquenta ser\u00e1 o ponto de encontro da hist\u00f3ria com o presente do Rock.<\/p>\n\n\n\n<h3 class=\"wp-block-heading\">Esquenta \u00e9 a Vibe, Rock \u00e9 a Causa!<\/h3>\n\n\n\n<p class=\"wp-block-paragraph\">E n\u00e3o \u00e9 s\u00f3 o som de alt\u00edssima octanagem que vai fazer sua cabe\u00e7a! O RockinFar Esquenta, como voc\u00ea j\u00e1 sabe, \u00e9 o lugar para curtir o melhor do rock com zero <em>perrengue<\/em>.<\/p>\n\n\n\n<p class=\"wp-block-paragraph\">Pensando no seu conforto (e no seu est\u00f4mago), confirmamos: a nossa <strong>Pra\u00e7a de Alimenta\u00e7\u00e3o \u00e9 COBERTA!<\/strong> Isso significa que n\u00e3o importa o que o S\u00e3o Pedro apronte, seu lanche, seu <em>burger<\/em> ou sua cerveja estar\u00e3o protegidos enquanto voc\u00ea recarrega as energias.<\/p>\n","protected":false},"excerpt":{"rendered":"<p>Segura essa, galera! O RockinFar Esquenta acaba de soltar uma bomba que<a class=\"blog-post-excerpt-more\" href=\"https:\/\/www.turismo.fartura.sp.gov.br\/rockinfar\/plebe-rude-e-a-nova-atracao-confirmada-no-rockinfar-esquenta\/\" rel=\"bookmark\"><i class=\"fa fa-angle-double-right\"><\/i><\/a><\/p>\n","protected":false},"author":1,"featured_media":1335,"comment_status":"closed","ping_status":"open","sticky":false,"template":"","format":"standard","meta":{"footnotes":""},"categories":[35],"tags":[],"class_list":["post-1342","post","type-post","status-publish","format-standard","has-post-thumbnail","hentry","category-rockinfar-esquenta"],"_links":{"self":[{"href":"https:\/\/www.turismo.fartura.sp.gov.br\/rockinfar\/wp-json\/wp\/v2\/posts\/1342","targetHints":{"allow":["GET"]}}],"collection":[{"href":"https:\/\/www.turismo.fartura.sp.gov.br\/rockinfar\/wp-json\/wp\/v2\/posts"}],"about":[{"href":"https:\/\/www.turismo.fartura.sp.gov.br\/rockinfar\/wp-json\/wp\/v2\/types\/post"}],"author":[{"embeddable":true,"href":"https:\/\/www.turismo.fartura.sp.gov.br\/rockinfar\/wp-json\/wp\/v2\/users\/1"}],"replies":[{"embeddable":true,"href":"https:\/\/www.turismo.fartura.sp.gov.br\/rockinfar\/wp-json\/wp\/v2\/comments?post=1342"}],"version-history":[{"count":1,"href":"https:\/\/www.turismo.fartura.sp.gov.br\/rockinfar\/wp-json\/wp\/v2\/posts\/1342\/revisions"}],"predecessor-version":[{"id":1343,"href":"https:\/\/www.turismo.fartura.sp.gov.br\/rockinfar\/wp-json\/wp\/v2\/posts\/1342\/revisions\/1343"}],"wp:featuredmedia":[{"embeddable":true,"href":"https:\/\/www.turismo.fartura.sp.gov.br\/rockinfar\/wp-json\/wp\/v2\/media\/1335"}],"wp:attachment":[{"href":"https:\/\/www.turismo.fartura.sp.gov.br\/rockinfar\/wp-json\/wp\/v2\/media?parent=1342"}],"wp:term":[{"taxonomy":"category","embeddable":true,"href":"https:\/\/www.turismo.fartura.sp.gov.br\/rockinfar\/wp-json\/wp\/v2\/categories?post=1342"},{"taxonomy":"post_tag","embeddable":true,"href":"https:\/\/www.turismo.fartura.sp.gov.br\/rockinfar\/wp-json\/wp\/v2\/tags?post=1342"}],"curies":[{"name":"wp","href":"https:\/\/api.w.org\/{rel}","templated":true}]}}