{"id":1334,"date":"2025-10-15T18:06:03","date_gmt":"2025-10-15T21:06:03","guid":{"rendered":"https:\/\/www.turismo.fartura.sp.gov.br\/rockinfar\/?p=1334"},"modified":"2025-11-13T08:56:44","modified_gmt":"2025-11-13T11:56:44","slug":"a-lenda-esta-confirmada-inocentes-chega-ao-rockinfar-esquenta","status":"publish","type":"post","link":"https:\/\/www.turismo.fartura.sp.gov.br\/rockinfar\/a-lenda-esta-confirmada-inocentes-chega-ao-rockinfar-esquenta\/","title":{"rendered":"A Lenda Est\u00e1 Confirmada! Inocentes Chega ao RockinFar Esquenta"},"content":{"rendered":"\n<p class=\"wp-block-paragraph\"><strong>\u00c9 OFICIAL, GALERA!<\/strong> Preparem os coturnos e as jaquetas, porque o RockinFar Esquenta acaba de cravar mais um nome de peso que vai incendiar o nosso palco: a banda <strong>Inocentes<\/strong> est\u00e1 confirmad\u00edssima para o dia <strong>07 de novembro!<\/strong><\/p>\n\n\n\n<p class=\"wp-block-paragraph\">Se liga nessa: o RockinFar Esquenta j\u00e1 estava com a moral l\u00e1 em cima, mas agora, com um dos pilares do punk rock brasileiro no <em>line-up<\/em>, a vibe vai atingir um outro n\u00edvel! A banda liderada pelo lend\u00e1rio Clemente Nascimento (voz e guitarra), com Ronaldo Passos (guitarra), Anselmo Monstro (baixo) e Non\u00f4 (bateria), promete uma performance para botar a galera pra pular e cantar hinos que marcaram gera\u00e7\u00f5es!<\/p>\n\n\n\n<h3 class=\"wp-block-heading\">Punk Rock Raiz para Quebrar Tudo!<\/h3>\n\n\n\n<p class=\"wp-block-paragraph\">Fundada em 1981, a Inocentes \u00e9 mais do que uma banda, \u00e9 a hist\u00f3ria viva do punk nacional. Desde o cl\u00e1ssico <em>Grito Suburbano<\/em> at\u00e9 hits atemporais como &#8220;P\u00e2nico em SP&#8221;, &#8220;Donos das Ruas&#8221; e &#8220;Mis\u00e9ria e Fome&#8221;, o quarteto traz na bagagem a atitude, a velocidade e a cr\u00edtica social que definiram um movimento.<\/p>\n\n\n\n<p class=\"wp-block-paragraph\">A Inocentes fez hist\u00f3ria, abrindo shows para gigantes como Ramones e Sex Pistols, e continua na ativa, com a mesma energia de quem est\u00e1 come\u00e7ando. Prepare-se para uma dose cavalar de punk rock da melhor qualidade, com letras afiadas e uma energia de palco que n\u00e3o d\u00e1 tr\u00e9gua. Vai ser um verdadeiro &#8220;Adeus Carne&#8221; de responsa!<\/p>\n\n\n\n<p class=\"wp-block-paragraph\">N\u00e3o perca essa chance de ver uma das bandas mais importantes do punk rock brasileiro detonando no nosso Esquenta! Bate o cart\u00e3o, chama a galera e vem fazer parte dessa hist\u00f3ria! <strong>RockinFar Esquenta: Onde o Rock Nunca Tira F\u00e9rias!<\/strong><\/p>\n","protected":false},"excerpt":{"rendered":"<p>\u00c9 OFICIAL, GALERA! Preparem os coturnos e as jaquetas, porque o RockinFar<a class=\"blog-post-excerpt-more\" href=\"https:\/\/www.turismo.fartura.sp.gov.br\/rockinfar\/a-lenda-esta-confirmada-inocentes-chega-ao-rockinfar-esquenta\/\" rel=\"bookmark\"><i class=\"fa fa-angle-double-right\"><\/i><\/a><\/p>\n","protected":false},"author":1,"featured_media":1340,"comment_status":"closed","ping_status":"open","sticky":false,"template":"","format":"standard","meta":{"footnotes":""},"categories":[35],"tags":[],"class_list":["post-1334","post","type-post","status-publish","format-standard","has-post-thumbnail","hentry","category-rockinfar-esquenta"],"_links":{"self":[{"href":"https:\/\/www.turismo.fartura.sp.gov.br\/rockinfar\/wp-json\/wp\/v2\/posts\/1334","targetHints":{"allow":["GET"]}}],"collection":[{"href":"https:\/\/www.turismo.fartura.sp.gov.br\/rockinfar\/wp-json\/wp\/v2\/posts"}],"about":[{"href":"https:\/\/www.turismo.fartura.sp.gov.br\/rockinfar\/wp-json\/wp\/v2\/types\/post"}],"author":[{"embeddable":true,"href":"https:\/\/www.turismo.fartura.sp.gov.br\/rockinfar\/wp-json\/wp\/v2\/users\/1"}],"replies":[{"embeddable":true,"href":"https:\/\/www.turismo.fartura.sp.gov.br\/rockinfar\/wp-json\/wp\/v2\/comments?post=1334"}],"version-history":[{"count":3,"href":"https:\/\/www.turismo.fartura.sp.gov.br\/rockinfar\/wp-json\/wp\/v2\/posts\/1334\/revisions"}],"predecessor-version":[{"id":1339,"href":"https:\/\/www.turismo.fartura.sp.gov.br\/rockinfar\/wp-json\/wp\/v2\/posts\/1334\/revisions\/1339"}],"wp:featuredmedia":[{"embeddable":true,"href":"https:\/\/www.turismo.fartura.sp.gov.br\/rockinfar\/wp-json\/wp\/v2\/media\/1340"}],"wp:attachment":[{"href":"https:\/\/www.turismo.fartura.sp.gov.br\/rockinfar\/wp-json\/wp\/v2\/media?parent=1334"}],"wp:term":[{"taxonomy":"category","embeddable":true,"href":"https:\/\/www.turismo.fartura.sp.gov.br\/rockinfar\/wp-json\/wp\/v2\/categories?post=1334"},{"taxonomy":"post_tag","embeddable":true,"href":"https:\/\/www.turismo.fartura.sp.gov.br\/rockinfar\/wp-json\/wp\/v2\/tags?post=1334"}],"curies":[{"name":"wp","href":"https:\/\/api.w.org\/{rel}","templated":true}]}}